[{"@context":"https:\/\/schema.org\/","@type":"Article","@id":"https:\/\/www.cestray.cz\/co-je-firemni-stravovani-kde-nejcasteji-nabizi-firemni-stravovani-praha\/#Article","mainEntityOfPage":"https:\/\/www.cestray.cz\/co-je-firemni-stravovani-kde-nejcasteji-nabizi-firemni-stravovani-praha\/","headline":"Co je firemn\u00ed stravov\u00e1n\u00ed, kde nej\u010dast\u011bji nab\u00edz\u00ed firemn\u00ed stravov\u00e1n\u00ed Praha","name":"Co je firemn\u00ed stravov\u00e1n\u00ed, kde nej\u010dast\u011bji nab\u00edz\u00ed firemn\u00ed stravov\u00e1n\u00ed Praha","description":"Ze z\u00e1kona je d\u00e1no, \u017ee ka\u017ed\u00fd zam\u011bstnanec pracuj\u00edc\u00ed na pln\u00fd \u00favazek s pracovn\u00ed dobou v klasick\u00e9 d\u00e9lce 40 hodin t\u00fddn\u011b, tedy 8 hodin denn\u011b, m\u00e1 n\u00e1rok na denn\u00ed pauzu na ob\u011bd v d\u00e9lce trv\u00e1n\u00ed minim\u00e1ln\u011b p\u016fl hodiny. Ta nesm\u00ed b\u00fdt... ","datePublished":"2021-05-20","dateModified":"2023-05-05","author":{"@type":"Person","@id":"https:\/\/www.cestray.cz\/author\/devene\/#Person","name":"devene","url":"https:\/\/www.cestray.cz\/author\/devene\/","identifier":1,"image":{"@type":"ImageObject","@id":"https:\/\/secure.gravatar.com\/avatar\/cfe4dae5aaf43720425415780408681beb9b9a829e9a657295ed1cacce5febc2?s=96&d=mm&r=g","url":"https:\/\/secure.gravatar.com\/avatar\/cfe4dae5aaf43720425415780408681beb9b9a829e9a657295ed1cacce5febc2?s=96&d=mm&r=g","height":96,"width":96}},"publisher":{"@type":"Organization","name":"cestray.cz","logo":{"@type":"ImageObject","@id":"\/logo.png","url":"\/logo.png","width":600,"height":60}},"image":{"@type":"ImageObject","@id":"https:\/\/www.cestray.cz\/wp-content\/uploads\/st%C5%AFl%20p%C5%99ichystan%C3%BD%20na%20ob%C4%9Bd_oUncPh.jpg","url":"https:\/\/www.cestray.cz\/wp-content\/uploads\/st%C5%AFl%20p%C5%99ichystan%C3%BD%20na%20ob%C4%9Bd_oUncPh.jpg","height":0,"width":0},"url":"https:\/\/www.cestray.cz\/co-je-firemni-stravovani-kde-nejcasteji-nabizi-firemni-stravovani-praha\/","about":["Slu\u017eby"],"wordCount":435,"articleBody":"       Ze z\u00e1kona je d\u00e1no, \u017ee ka\u017ed\u00fd zam\u011bstnanec pracuj\u00edc\u00ed na pln\u00fd \u00favazek s pracovn\u00ed dobou v klasick\u00e9 d\u00e9lce 40 hodin t\u00fddn\u011b, tedy 8 hodin denn\u011b, m\u00e1 n\u00e1rok na denn\u00ed pauzu na ob\u011bd v d\u00e9lce trv\u00e1n\u00ed minim\u00e1ln\u011b p\u016fl hodiny. Ta nesm\u00ed b\u00fdt d\u00e1na na za\u010d\u00e1tek ani na konec pracovn\u00ed doby. Je samoz\u0159ejm\u011b na ka\u017ed\u00e9m \u010dlov\u011bku, jak tuto p\u0159est\u00e1vku vyu\u017eije, v\u011bt\u0161ina v\u0161ak b\u011bhem n\u00ed ob\u011bdv\u00e1. Ale jak si zajistit j\u00eddlo? Jednou z mo\u017enost\u00ed je p\u0159in\u00e9st si jej sebou do pr\u00e1ce. Ov\u0161em pokud chceme j\u00edst tepl\u00fd ob\u011bd, pak obvykle vy\u017eaduje lednici, kam jej schov\u00e1me, aby se nezkazil, a n\u00e1sledn\u011b zp\u016fsob oh\u0159evu, nap\u0159\u00edklad mikrovlnnou troubu.  To samoz\u0159ejm\u011b nen\u00ed p\u0159\u00edli\u0161 velk\u00fd probl\u00e9m zajistit nap\u0159\u00edklad v kancel\u00e1\u0159\u00edch, ale ve v\u00fdrobn\u00e1ch, kde pracuj\u00ed stovky lid\u00ed a des\u00edtky jich maj\u00ed pauzu ve stejnou dobu, je to prakticky nemo\u017en\u00e9. Zkr\u00e1tka zde nen\u00ed dost prostoru, aby si takto mohli uchov\u00e1vat a oh\u0159\u00edvat j\u00eddlo v\u0161ichni zam\u011bstnanci. Nehled\u011b na to, \u017ee by se ani nestihli naj\u00edst. Samoz\u0159ejm\u011b m\u00e1me i mo\u017enost j\u00edt si ob\u011bd koupit b\u011bhem pauzy, \u010di si sko\u010dit do restaurace. To je v\u0161ak vhodn\u00e9 jen tehdy, pokud je n\u011bjak\u00fd obchod \u010di restaurace v bl\u00edzkosti pracovi\u0161t\u011b. A to \u010dasto v pr\u016fmyslov\u00fdch z\u00f3n\u00e1ch, kde jsou tyto tov\u00e1rny nej\u010dast\u011bji um\u00edst\u011bny, neb\u00fdv\u00e1. I proto \u010dasto zam\u011bstnavatel\u00e9 nab\u00edz\u00ed sv\u00fdm zam\u011bstnanc\u016fm firemn\u00ed stravov\u00e1n\u00ed. V podstat\u011b se jedn\u00e1 o to, \u017ee smluven\u00e1 firma p\u0159iveze v ur\u010den\u00fd \u010das objednan\u00fd po\u010det j\u00eddel. Tak dostanou zam\u011bstnanci ob\u011bd na za\u010d\u00e1tku pauzy a maj\u00ed tak dostatek \u010dasu se v klidu naj\u00edst.  Tuto mo\u017enost vyu\u017e\u00edvaj\u00ed p\u0159edev\u0161\u00edm zam\u011bstnavatel\u00e9 ve v\u011bt\u0161\u00edch m\u011bstech, kde jsou pr\u00e1v\u011b pr\u016fmyslov\u00e9 z\u00f3ny. P\u0159\u00edkladem m\u016f\u017ee b\u00fdt pro firemn\u00ed stravov\u00e1n\u00ed Praha, kde je nab\u00edz\u00ed spousta zam\u011bstnavatel\u016f, kte\u0159\u00ed maj\u00ed sv\u00e9 v\u00fdrobny v okrajov\u00fdch pr\u016fmyslov\u00fdch \u010d\u00e1stech. Nen\u00ed tedy pochyb o tom, \u017ee se tento zp\u016fsob stravov\u00e1n\u00ed v mnoha p\u0159\u00edpadech vyplat\u00ed. Av\u0161ak nakonec z\u00e1le\u017e\u00ed na zam\u011bstnavateli, zda se rozhodne tuto slu\u017ebu sv\u00fdm pracovn\u00edk\u016fm poskytnout. P\u0159eci jen, je to on, kdo za ni z v\u011bt\u0161\u00ed \u010d\u00e1sti plat\u00ed.                                                                                                                                                                                                                                                                                                                                                                                         4.2\/5 - (4 votes)        "},{"@context":"https:\/\/schema.org\/","@type":"BreadcrumbList","itemListElement":[{"@type":"ListItem","position":1,"name":"Co je firemn\u00ed stravov\u00e1n\u00ed, kde nej\u010dast\u011bji nab\u00edz\u00ed firemn\u00ed stravov\u00e1n\u00ed Praha","item":"https:\/\/www.cestray.cz\/co-je-firemni-stravovani-kde-nejcasteji-nabizi-firemni-stravovani-praha\/#breadcrumbitem"}]}]