[{"@context":"https:\/\/schema.org\/","@type":"Article","@id":"https:\/\/www.cestray.cz\/co-takhle-cyklodovolena\/#Article","mainEntityOfPage":"https:\/\/www.cestray.cz\/co-takhle-cyklodovolena\/","headline":"Co takhle cyklodovolen\u00e1?","name":"Co takhle cyklodovolen\u00e1?","description":"Mo\u017en\u00e1 za\u010d\u00edn\u00e1te pl\u00e1novat letn\u00ed dovolenou a \u0159\u00edk\u00e1te si, \u017ee na tu zahrani\u010dn\u00ed v\u00e1m pen\u00edze nebudou sta\u010dit. Inflace zah\u00fdbala s nejedn\u00edm rodinn\u00fdm rozpo\u010dtem a tak probl\u00e9my s dovolenou bude \u0159e\u0161it st\u00e1le v\u00edce rodin. Ale nen\u00ed to ide\u00e1ln\u00ed p\u0159\u00edle\u017eitost, abyste poznali kr\u00e1sy... ","datePublished":"2022-12-10","dateModified":"2023-05-05","author":{"@type":"Person","@id":"https:\/\/www.cestray.cz\/author\/devene\/#Person","name":"devene","url":"https:\/\/www.cestray.cz\/author\/devene\/","identifier":1,"image":{"@type":"ImageObject","@id":"https:\/\/secure.gravatar.com\/avatar\/cfe4dae5aaf43720425415780408681beb9b9a829e9a657295ed1cacce5febc2?s=96&d=mm&r=g","url":"https:\/\/secure.gravatar.com\/avatar\/cfe4dae5aaf43720425415780408681beb9b9a829e9a657295ed1cacce5febc2?s=96&d=mm&r=g","height":96,"width":96}},"publisher":{"@type":"Organization","name":"cestray.cz","logo":{"@type":"ImageObject","@id":"\/logo.png","url":"\/logo.png","width":600,"height":60}},"image":{"@type":"ImageObject","@id":"https:\/\/www.cestray.cz\/wp-content\/uploads\/bicycle-gaa7cdd88a_640.jpg","url":"https:\/\/www.cestray.cz\/wp-content\/uploads\/bicycle-gaa7cdd88a_640.jpg","height":0,"width":0},"url":"https:\/\/www.cestray.cz\/co-takhle-cyklodovolena\/","about":["N\u00e1kupy"],"wordCount":428,"articleBody":"        Mo\u017en\u00e1 za\u010d\u00edn\u00e1te pl\u00e1novat letn\u00ed dovolenou a \u0159\u00edk\u00e1te si, \u017ee na tu zahrani\u010dn\u00ed v\u00e1m pen\u00edze nebudou sta\u010dit. Inflace zah\u00fdbala s nejedn\u00edm rodinn\u00fdm rozpo\u010dtem a tak probl\u00e9my s dovolenou bude \u0159e\u0161it st\u00e1le v\u00edce rodin. Ale nen\u00ed to ide\u00e1ln\u00ed p\u0159\u00edle\u017eitost, abyste poznali kr\u00e1sy \u010cesk\u00e9 republiky a to nejl\u00e9pe na cyklodovolen\u00e9? NA kole toti\u017e toho stihnete poznat mnohem v\u00edce, ne\u017e kdybyste jen p\u0159ej\u00ed\u017ed\u011bli autem a chodili p\u011b\u0161ky.\u017de nejste \u017e\u00e1dn\u00ed aktivn\u00ed cyklist\u00e9? Ale to p\u0159ece nevad\u00ed. Ti skute\u010dn\u011b rekrea\u010dn\u00ed cyklist\u00e9 mohou jen do Jiho\u010desk\u00e9ho kraje a proj\u00ed\u017ed\u011bt se po rovink\u00e1ch okolo t\u0159ebo\u0148sk\u00fdch rybn\u00edk\u016f. Ti zdatn\u011bj\u0161\u00ed mohou vyrazit do \u010cesk\u00e9ho r\u00e1je. V\u00edte, \u017ee p\u0159es v\u0161echna kr\u00e1sn\u00e1 m\u00edsta v\u00e1s provede Zlat\u00e1 stezka \u010cesk\u00e9ho r\u00e1je? Je to kr\u00e1sn\u011b zna\u010den\u00e1 cyklostezky, tak\u017ee ur\u010dit\u011b nezabloud\u00edte a p\u0159itom je sj\u00edzdn\u00e1 i pro sv\u00e1te\u010dn\u00ed cyklisty a kdyby se v\u00e1m p\u0159ece jen n\u011bjak\u00fd kope\u010dek zd\u00e1l moc prudk\u00fd, m\u016f\u017eete jen vyj\u00edt s kolem p\u011b\u0161ky. Ur\u010dit\u011b to nen\u00ed \u017e\u00e1dn\u00e1 ostuda.Ti nezdatn\u011bj\u0161\u00ed cyklist\u00e9 mohou zam\u00ed\u0159it do Krkono\u0161, na \u0160umavu, nebo do kter\u00fdchkoliv dal\u0161\u00edch \u010desk\u00fdch \u010di moravsk\u00fdch hor. Prudk\u00e1 i m\u00edrn\u00e1 stoup\u00e1n\u00ed, horsk\u00e9 chaty a hlavn\u011b v\u00fdhledy, to v\u0161e v\u00e1s bude \u010dekat. Co ale na takovou dovolenou budete ur\u010dit\u011b pot\u0159ebovat? Nosi\u010de na kola, abyste mohli autem dojet do kempu, auto zde nechat, sundat kola z nosi\u010d\u016f a za\u010d\u00edt pozn\u00e1vat okol\u00ed. Mo\u017en\u00e1 m\u00e1te st\u0159e\u0161n\u00ed nosi\u010de, ale mnohem p\u0159\u00edjemn\u011bj\u0161\u00ed je dr\u017e\u00e1k kol na ta\u017en\u00e9 za\u0159\u00edzen\u00ed amsa.cz. Dr\u017e\u00e1k kol na ta\u017en\u00e9m za\u0159\u00edzen\u00ed ocen\u00edte zvl\u00e1\u0161t\u011b pokud jste men\u0161\u00ed postavy a pro nakl\u00e1d\u00e1n\u00ed kol na st\u0159echu vozidla byste pot\u0159ebovali sch\u016fdky, ale hlavn\u011b tak\u00e9, pokud chcete autem p\u0159ej\u00ed\u017ed\u011bt mezi v\u00edce m\u00edsty nebo kempy a kola tak bude nakl\u00e1dat ka\u017ed\u00fd den b\u011bhem dovolen\u00e9. Dr\u017e\u00e1k kol mna ta\u017en\u00e9m za\u0159\u00edzen\u00ed je mnohem pohodln\u011bj\u0161\u00ed a tak\u00e9 odpor vzduchu p\u0159i j\u00edzd\u011b a t\u00edm p\u00e1dem spot\u0159eba pohonn\u00fdch hmot je nezanedbateln\u011b v\u00fdhodn\u011bj\u0161\u00ed.Tak co, p\u0159esv\u011bd\u010dili jsme v\u00e1s, abyste vyrazili na dovolenou na kolo?                                                                                                                                                                                                                                                                                                                                                                                          4.6\/5 - (7 votes)        "},{"@context":"https:\/\/schema.org\/","@type":"BreadcrumbList","itemListElement":[{"@type":"ListItem","position":1,"name":"Co takhle cyklodovolen\u00e1?","item":"https:\/\/www.cestray.cz\/co-takhle-cyklodovolena\/#breadcrumbitem"}]}]