[{"@context":"https:\/\/schema.org\/","@type":"Article","@id":"https:\/\/www.cestray.cz\/hodi-se-sklenene-zabradli-i-do-bezneho-rodinneho-domu\/#Article","mainEntityOfPage":"https:\/\/www.cestray.cz\/hodi-se-sklenene-zabradli-i-do-bezneho-rodinneho-domu\/","headline":"Hod\u00ed se sklen\u011bn\u00e9 z\u00e1bradl\u00ed i do b\u011b\u017en\u00e9ho rodinn\u00e9ho domu?","name":"Hod\u00ed se sklen\u011bn\u00e9 z\u00e1bradl\u00ed i do b\u011b\u017en\u00e9ho rodinn\u00e9ho domu?","description":"Nezbytnou sou\u010d\u00e1st\u00ed ka\u017ed\u00e9ho schodi\u0161t\u011b, balk\u00f3nu \u010di terasy se stalo z\u00e1bradl\u00ed. Plat\u00ed to zejm\u00e9na ve ve\u0159ejn\u00fdch budov\u00e1ch. A nen\u00ed divu, koneckonc\u016f zna\u010dn\u011b zvy\u0161uj\u00ed bezpe\u010dnost proch\u00e1zej\u00edc\u00edch lid\u00ed. Nehled\u011b na to, \u017ee mohou slou\u017eit i jako opora pro osoby s pohybov\u00fdm posti\u017een\u00edm. Vzhledem... ","datePublished":"2021-04-12","dateModified":"2023-05-05","author":{"@type":"Person","@id":"https:\/\/www.cestray.cz\/author\/devene\/#Person","name":"devene","url":"https:\/\/www.cestray.cz\/author\/devene\/","identifier":1,"image":{"@type":"ImageObject","@id":"https:\/\/secure.gravatar.com\/avatar\/cfe4dae5aaf43720425415780408681beb9b9a829e9a657295ed1cacce5febc2?s=96&d=mm&r=g","url":"https:\/\/secure.gravatar.com\/avatar\/cfe4dae5aaf43720425415780408681beb9b9a829e9a657295ed1cacce5febc2?s=96&d=mm&r=g","height":96,"width":96}},"publisher":{"@type":"Organization","name":"cestray.cz","logo":{"@type":"ImageObject","@id":"\/logo.png","url":"\/logo.png","width":600,"height":60}},"image":{"@type":"ImageObject","@id":"https:\/\/www.cestray.cz\/wp-content\/uploads\/schodiste2_10_10_10_10_10_4.jpg","url":"https:\/\/www.cestray.cz\/wp-content\/uploads\/schodiste2_10_10_10_10_10_4.jpg","height":0,"width":0},"url":"https:\/\/www.cestray.cz\/hodi-se-sklenene-zabradli-i-do-bezneho-rodinneho-domu\/","about":["Hry"],"wordCount":410,"articleBody":"     Nezbytnou sou\u010d\u00e1st\u00ed ka\u017ed\u00e9ho schodi\u0161t\u011b, balk\u00f3nu \u010di terasy se stalo z\u00e1bradl\u00ed. Plat\u00ed to zejm\u00e9na ve ve\u0159ejn\u00fdch budov\u00e1ch. A nen\u00ed divu, koneckonc\u016f zna\u010dn\u011b zvy\u0161uj\u00ed bezpe\u010dnost proch\u00e1zej\u00edc\u00edch lid\u00ed. Nehled\u011b na to, \u017ee mohou slou\u017eit i jako opora pro osoby s pohybov\u00fdm posti\u017een\u00edm.Vzhledem k jejich roz\u0161\u00ed\u0159en\u00ed je tedy jen pochopiteln\u00e9, \u017ee jich existuje \u0161irok\u00e1 \u0161k\u00e1le druh\u016f a typ\u016f rozd\u00edln\u00e9ho vzhledu i z rozd\u00edln\u00fdch materi\u00e1l\u016f. A zat\u00edmco d\u0159\u00edve bylo zdaleka nejpou\u017e\u00edvan\u011bj\u0161\u00ed d\u0159evo (bylo nejlevn\u011bj\u0161\u00ed, snadno dostupn\u00e9 a lehko zpracovateln\u00e9), dnes se mnohem v\u00edce pou\u017e\u00edv\u00e1 kov. Ten je toti\u017e podstatn\u011b trvanliv\u011bj\u0161\u00ed.V posledn\u00edch letech se v\u0161ak do pop\u0159ed\u00ed dost\u00e1v\u00e1 i sklen\u011bn\u00e9 z\u00e1bradl\u00ed. Zde je t\u0159eba hned v \u00favodu \u0159\u00edci, \u017ee navzdory sv\u00e9mu n\u00e1zvu nen\u00ed cel\u00e9 ze skla. Ve skute\u010dnosti se jedn\u00e1 o sklen\u011bn\u00e9 desky, p\u0159ipevn\u011bn\u00e9 na kovov\u00e9, obvykle chromov\u00e9, konstrukci. Najdeme je nej\u010dast\u011bji v nejr\u016fzn\u011bj\u0161\u00edch obchodn\u00edch centrech, ale za\u010d\u00ednaj\u00ed se objevovat ji\u017e i mimo n\u011b.I zde samoz\u0159ejm\u011b existuje mnoho variant. Sklo m\u016f\u017ee b\u00fdt bu\u010f \u010dir\u00e9, a tedy umo\u017e\u0148ovat naprosto voln\u00fd v\u00fdhled, nebo matn\u00e9, kdy se naopak chr\u00e1n\u00ed soukrom\u00ed. Stejn\u011b tak r\u016fzn\u00e1 m\u016f\u017ee b\u00fdt i barva. Je tedy vid\u011bt, \u017ee m\u016f\u017eeme naj\u00edt v\u017edy tu pravou variantu.Ot\u00e1zkou v\u0161ak je, zda jsou skute\u010dn\u011b vhodn\u00e9 do b\u011b\u017en\u00fdch dom\u016f. Zde toti\u017e obvykle nen\u00ed pot\u0159eba, aby m\u011bli lid\u00e9 pln\u00fd rozhled. Nav\u00edc je zde vy\u0161\u0161\u00ed pravd\u011bpodobnost, \u017ee jej rozbij\u00ed vandalov\u00e9. Proto nen\u00ed divu, \u017ee se zde investuje sp\u00ed\u0161e do klasick\u00e9ho kovov\u00e9ho typu.Pokud jde o rodinn\u00e9 domy, pak zde z\u00e1le\u017e\u00ed na stylu, v jak\u00e9m je d\u016fm postaven i v jak\u00e9m je za\u0159\u00edzen. V p\u0159\u00edpad\u011b, \u017ee se jedn\u00e1 o ultramodern\u00ed budovu, pak zde skute\u010dn\u011b m\u016f\u017ee m\u00edt sklen\u011bn\u00e9 z\u00e1bradl\u00ed sv\u00e9 m\u00edsto. Av\u0161ak v p\u0159\u00edpad\u011b, \u017ee se jedn\u00e1 o klasick\u00fd typ, pak se p\u0159\u00edli\u0161 nehod\u00ed. Mnohem lep\u0161\u00ed je v tom p\u0159\u00edpad\u011b d\u0159evo, \u010di kombinace kovu se d\u0159evem.Nakonec v\u0161ak z\u00e1le\u017e\u00ed jen na v\u00e1s. A\u0165 u\u017e se v\u0161ak rozhodnete jakkoliv, v\u017edy se pe\u010dliv\u011b rozmyslete, abyste nakonec nelitovali.                                                                                                                                                                                                                                                                                                                                                                                          3.8\/5 - (6 votes)        "},{"@context":"https:\/\/schema.org\/","@type":"BreadcrumbList","itemListElement":[{"@type":"ListItem","position":1,"name":"Hod\u00ed se sklen\u011bn\u00e9 z\u00e1bradl\u00ed i do b\u011b\u017en\u00e9ho rodinn\u00e9ho domu?","item":"https:\/\/www.cestray.cz\/hodi-se-sklenene-zabradli-i-do-bezneho-rodinneho-domu\/#breadcrumbitem"}]}]