[{"@context":"https:\/\/schema.org\/","@type":"Article","@id":"https:\/\/www.cestray.cz\/kralovna-kraloven\/#Article","mainEntityOfPage":"https:\/\/www.cestray.cz\/kralovna-kraloven\/","headline":"Kr\u00e1lovna kr\u00e1loven","name":"Kr\u00e1lovna kr\u00e1loven","description":"V\u00a0sychrav\u00fdch podzimn\u00edch dnech m\u016f\u017ee b\u00fdt medu\u0148ka nejlep\u0161\u00edm adeptem pro na\u0161e d\u00fdchac\u00ed cesty stejn\u011b jako m\u00e1ta peprn\u00e1 nebo mate\u0159\u00eddou\u0161ka. Tato bylinka v\u00fdrazn\u011b pom\u00e1h\u00e1 jako prevence proti astmatu. V\u00fdrazn\u011b toti\u017e klidn\u00ed du\u0161nost a pom\u00e1h\u00e1 pr\u016fdu\u0161k\u00e1m, co\u017e se v\u00a0sychrav\u00e9m po\u010das\u00ed hod\u00ed. Medu\u0148kov\u00fd \u010daj... ","datePublished":"2021-09-13","dateModified":"2021-09-13","author":{"@type":"Person","@id":"https:\/\/www.cestray.cz\/author\/devene\/#Person","name":"devene","url":"https:\/\/www.cestray.cz\/author\/devene\/","identifier":1,"image":{"@type":"ImageObject","@id":"https:\/\/secure.gravatar.com\/avatar\/cfe4dae5aaf43720425415780408681beb9b9a829e9a657295ed1cacce5febc2?s=96&d=mm&r=g","url":"https:\/\/secure.gravatar.com\/avatar\/cfe4dae5aaf43720425415780408681beb9b9a829e9a657295ed1cacce5febc2?s=96&d=mm&r=g","height":96,"width":96}},"publisher":{"@type":"Organization","name":"cestray.cz","logo":{"@type":"ImageObject","@id":"\/logo.png","url":"\/logo.png","width":600,"height":60}},"image":{"@type":"ImageObject","@id":"https:\/\/www.cestray.cz\/wp-content\/uploads\/Medu%C5%88kov%C3%BD%20%C4%8Daj%20ve%20sklen%C4%9Bn%C3%A9m%20hrnku.jpg","url":"https:\/\/www.cestray.cz\/wp-content\/uploads\/Medu%C5%88kov%C3%BD%20%C4%8Daj%20ve%20sklen%C4%9Bn%C3%A9m%20hrnku.jpg","height":0,"width":0},"url":"https:\/\/www.cestray.cz\/kralovna-kraloven\/","about":["Zdrav\u00ed"],"wordCount":455,"articleBody":"V\u00a0sychrav\u00fdch podzimn\u00edch dnech m\u016f\u017ee b\u00fdt medu\u0148ka nejlep\u0161\u00edm adeptem pro na\u0161e d\u00fdchac\u00ed cesty stejn\u011b jako m\u00e1ta peprn\u00e1 nebo mate\u0159\u00eddou\u0161ka. Tato bylinka v\u00fdrazn\u011b pom\u00e1h\u00e1 jako prevence proti astmatu. V\u00fdrazn\u011b toti\u017e klidn\u00ed du\u0161nost a pom\u00e1h\u00e1 pr\u016fdu\u0161k\u00e1m, co\u017e se v\u00a0sychrav\u00e9m po\u010das\u00ed hod\u00ed. Medu\u0148kov\u00fd \u010daj by se m\u011bl p\u00edt p\u0159edev\u0161\u00edm vpodve\u010der, jeliko\u017e medu\u0148ka uklid\u0148uje na\u0161e t\u011blo, nepom\u016f\u017ee od t\u011b\u017ek\u00fdch depres\u00ed, ale alespo\u0148 t\u011blo uklidn\u00ed a uvoln\u00ed. Nen\u00ed divu, \u017ee uzn\u00e1van\u00fd alchymista Paracelsus naz\u00fdval medu\u0148ku elix\u00edrem \u017eivota. Uvol\u0148uje k\u0159e\u010dovit\u00e9 sta\u017een\u00ed, pom\u00e1h\u00e1 p\u0159i k\u0159e\u010d\u00edch v\u00a0\u017ealudku, m\u00edrn\u00ed menstrua\u010dn\u00ed bolesti a t\u011bhotn\u00fdm \u017een\u00e1m medu\u0148kov\u00fd \u010daj prosp\u00edv\u00e1 v\u00a0oblastech kojen\u00ed.Medu\u0148ka nepom\u00e1h\u00e1 jen pro psychiku a samotn\u00e9 zdrav\u00ed, ale tak\u00e9 p\u016fsob\u00ed proti nespavosti. Sta\u010d\u00ed \u0161\u00e1lek p\u0159ed span\u00edm a budeme m\u00edt zaji\u0161t\u011bn sp\u00e1nek, av\u0161ak v\u00edce z\u00e1le\u017e\u00ed na tom, v\u00a0jak\u00e9m mno\u017estv\u00ed \u010daj m\u00e1me. T\u011blo je schopn\u00e9 se p\u0159izp\u016fsobit pod\u00e1van\u00e9 d\u00e1vce a po n\u011bkolika pod\u00e1n\u00edch nebude m\u00edt medu\u0148ka takov\u00fd \u00fa\u010dinek. Vysta\u010d\u00edme si s hrne\u010dkem\u00a0vla\u017en\u00e9ho medu\u0148kov\u00e9ho \u010daje denn\u011b a zlep\u0161\u00edme si jak pam\u011b\u0165, tak zabojujeme i proti bolesti hlavy. Bylinky jsou z\u00e1zra\u010dn\u00fdmi prost\u0159edky v\u00a0boji proti neduh\u016fm na\u0161eho organismu. A hlavn\u011b za pomoci medu\u0148ky si m\u016f\u017eeme dovolit zrelaxovat na\u0161i mysl a u\u017e\u00edt si klidn\u00e9ho ve\u010dera p\u0159i n\u011bjak\u00e9m skv\u011bl\u00e9m filmu nebo poh\u00e1dce.Krom\u011b jej\u00edho vnit\u0159n\u00edho vyu\u017e\u00edv\u00e1n\u00ed si m\u016f\u017eeme medu\u0148ku d\u00e1t do kv\u011btin\u00e1\u010d\u016f a ty si r\u016fzn\u011b rozestavit po cel\u00e9m na\u0161e dom\u011b nebo byt\u011b. Tato bylinka je pro p\u011bstov\u00e1n\u00ed naprosto nen\u00e1ro\u010dn\u00e1, sta\u010d\u00ed pou\u017e\u00edt hlinitop\u00eds\u010ditou nebo p\u00eds\u010ditou p\u016fdu, kter\u00e1 by m\u011bla b\u00fdt bohat\u00e1 na \u017eiviny. Bylinka pot\u0159ebuje v\u011bt\u0161\u00ed kv\u011btin\u00e1\u010d z\u00a0d\u016fvodu jej\u00edch ko\u0159en\u016f, kter\u00e9 rostou a\u017e do d\u00e9lky t\u0159iceti centimetr\u016f. Da\u0159\u00ed se j\u00ed nejl\u00e9pe na m\u00edstech slunn\u00fdch, ale zvykne si i na polost\u00edn. A kdy\u017e u\u017e si medu\u0148ku doma vysad\u00edte pro dekorativn\u00ed \u00fa\u010dely, zajist\u00e9 si sem tam utrhnete p\u00e1r l\u00edste\u010dk\u016f, zalijete vrouc\u00ed vodou a ud\u011bl\u00e1te si vlastn\u00ed dom\u00e1c\u00ed \u010daj. Nebudete si muset tak kupovat su\u0161en\u00e9 \u010daje, ale ud\u011bl\u00e1te si svoji vlastn\u00ed bylinnou zahr\u00e1dku.                                                                                                                                                                                                                                                                                                                                                                                        4\/5 - (3 votes)        "},{"@context":"https:\/\/schema.org\/","@type":"BreadcrumbList","itemListElement":[{"@type":"ListItem","position":1,"name":"Kr\u00e1lovna kr\u00e1loven","item":"https:\/\/www.cestray.cz\/kralovna-kraloven\/#breadcrumbitem"}]}]