[{"@context":"https:\/\/schema.org\/","@type":"Article","@id":"https:\/\/www.cestray.cz\/musime-najit-v-byte-misto-kam-by-se-nam-jeste-vesel-nejaky-nabytek\/#Article","mainEntityOfPage":"https:\/\/www.cestray.cz\/musime-najit-v-byte-misto-kam-by-se-nam-jeste-vesel-nejaky-nabytek\/","headline":"Mus\u00edme najit v byt\u011b m\u00edsto, kam by se n\u00e1m je\u0161t\u011b ve\u0161el n\u011bjak\u00fd n\u00e1bytek","name":"Mus\u00edme najit v byt\u011b m\u00edsto, kam by se n\u00e1m je\u0161t\u011b ve\u0161el n\u011bjak\u00fd n\u00e1bytek","description":"V ka\u017ed\u00e9m byt\u011b se najde n\u011bjak\u00e9 m\u00edste\u010dko, kam bychom mohli d\u00e1t sk\u0159\u00ed\u0148, nebo jin\u00fd kus n\u00e1bytku. Ka\u017ed\u00fd kousek \u00falo\u017en\u00e9ho prostoru se v\u017edycky hod\u00ed. Ka\u017ed\u00e1 dom\u00e1cnost m\u00e1 toti\u017e dost v\u011bc\u00ed v\u0161ude mo\u017en\u011b nap\u011bchovan\u00fdch, a pak, kdy\u017e se jedna v\u011bc vynd\u00e1, sesype... ","datePublished":"2024-12-30","dateModified":"2024-12-30","author":{"@type":"Person","@id":"https:\/\/www.cestray.cz\/author\/devene\/#Person","name":"devene","url":"https:\/\/www.cestray.cz\/author\/devene\/","identifier":1,"image":{"@type":"ImageObject","@id":"https:\/\/secure.gravatar.com\/avatar\/cfe4dae5aaf43720425415780408681beb9b9a829e9a657295ed1cacce5febc2?s=96&d=mm&r=g","url":"https:\/\/secure.gravatar.com\/avatar\/cfe4dae5aaf43720425415780408681beb9b9a829e9a657295ed1cacce5febc2?s=96&d=mm&r=g","height":96,"width":96}},"publisher":{"@type":"Organization","name":"cestray.cz","logo":{"@type":"ImageObject","@id":"\/logo.png","url":"\/logo.png","width":600,"height":60}},"url":"https:\/\/www.cestray.cz\/musime-najit-v-byte-misto-kam-by-se-nam-jeste-vesel-nejaky-nabytek\/","wordCount":171,"articleBody":"V ka\u017ed\u00e9m byt\u011b se najde n\u011bjak\u00e9 m\u00edste\u010dko, kam bychom mohli d\u00e1t sk\u0159\u00ed\u0148, nebo jin\u00fd kus n\u00e1bytku. Ka\u017ed\u00fd kousek \u00falo\u017en\u00e9ho prostoru se v\u017edycky hod\u00ed. Ka\u017ed\u00e1 dom\u00e1cnost m\u00e1 toti\u017e dost v\u011bc\u00ed v\u0161ude mo\u017en\u011b nap\u011bchovan\u00fdch, a pak, kdy\u017e se jedna v\u011bc vynd\u00e1, sesype se v\u0161echno. D\u011bl\u00e1 to zbyte\u010dn\u011b nepo\u0159\u00e1dek. Proto\u017ee toho nechceme dopustit, mus\u00edme naj\u00edt n\u011bjak\u00e9 dobr\u00e9 \u0159e\u0161en\u00ed. Budeme v byt\u011b hledat m\u00edsto Snad v ka\u017ed\u00e9m by t\u011b n\u011bjak\u00fd v\u00fdklenek, nebo n\u011bjak\u00e9 voln\u00e9 z\u00e1kout\u00ed, anebo i t\u0159eba m\u00edsto pod schodi\u0161t\u011bm, i tam se d\u00e1 v\u0161ude d\u00e1t na m\u00edru vyrobit kus n\u00e1bytku. Vyu\u017eijeme tak ka\u017ed\u00e9 voln\u00e9 m\u00edste\u010dko. Je \u0161koda ho nechat ladem, kdy\u017e ho pot\u0159ebujeme. Ka\u017ed\u00e1 mal\u00e1 sk\u0159\u00ed\u0148ka se hod\u00ed, a ur\u010dit\u011b ji dokonale vyu\u017eijeme do posledn\u00edho m\u00edste\u010dka.                                                                                                                                                                                                                                                                                                                                                                                        3\/5 - (2 votes)        "},{"@context":"https:\/\/schema.org\/","@type":"BreadcrumbList","itemListElement":[{"@type":"ListItem","position":1,"name":"Mus\u00edme najit v byt\u011b m\u00edsto, kam by se n\u00e1m je\u0161t\u011b ve\u0161el n\u011bjak\u00fd n\u00e1bytek","item":"https:\/\/www.cestray.cz\/musime-najit-v-byte-misto-kam-by-se-nam-jeste-vesel-nejaky-nabytek\/#breadcrumbitem"}]}]