[{"@context":"https:\/\/schema.org\/","@type":"Article","@id":"https:\/\/www.cestray.cz\/seznamte-se-s-nasimi-hvezdami\/#Article","mainEntityOfPage":"https:\/\/www.cestray.cz\/seznamte-se-s-nasimi-hvezdami\/","headline":"Seznamte se s na\u0161imi hv\u011bzdami","name":"Seznamte se s na\u0161imi hv\u011bzdami","description":"Zaj\u00edm\u00e1te se o d\u011bn\u00ed v na\u0161em sportovn\u00edm odv\u011btv\u00ed? V takov\u00e9m p\u0159\u00edpad\u011b bude nejlep\u0161\u00ed, kdy\u017e si n\u00e1s zapnete. S na\u0161\u00edm tenisem v\u00fdsledky se v\u0161echno dozv\u00edte jako prvn\u00ed. Jednotliv\u00e9 z\u00e1pasy vys\u00edl\u00e1me \u017eiv\u011b. Ned\u00e1vno prob\u011bhlo fin\u00e1le v \u017eensk\u00e9 t\u00fdmov\u00e9 sout\u011b\u017ei, to je ve... ","datePublished":"2025-03-08","dateModified":"2025-03-08","author":{"@type":"Person","@id":"https:\/\/www.cestray.cz\/author\/devene\/#Person","name":"devene","url":"https:\/\/www.cestray.cz\/author\/devene\/","identifier":1,"image":{"@type":"ImageObject","@id":"https:\/\/secure.gravatar.com\/avatar\/cfe4dae5aaf43720425415780408681beb9b9a829e9a657295ed1cacce5febc2?s=96&d=mm&r=g","url":"https:\/\/secure.gravatar.com\/avatar\/cfe4dae5aaf43720425415780408681beb9b9a829e9a657295ed1cacce5febc2?s=96&d=mm&r=g","height":96,"width":96}},"publisher":{"@type":"Organization","name":"cestray.cz","logo":{"@type":"ImageObject","@id":"\/logo.png","url":"\/logo.png","width":600,"height":60}},"url":"https:\/\/www.cestray.cz\/seznamte-se-s-nasimi-hvezdami\/","wordCount":179,"articleBody":"Zaj\u00edm\u00e1te se o d\u011bn\u00ed v na\u0161em sportovn\u00edm odv\u011btv\u00ed? V takov\u00e9m p\u0159\u00edpad\u011b bude nejlep\u0161\u00ed, kdy\u017e si n\u00e1s zapnete. S na\u0161\u00edm tenisem v\u00fdsledky se v\u0161echno dozv\u00edte jako prvn\u00ed. Jednotliv\u00e9 z\u00e1pasy vys\u00edl\u00e1me \u017eiv\u011b. Ned\u00e1vno prob\u011bhlo fin\u00e1le v \u017eensk\u00e9 t\u00fdmov\u00e9 sout\u011b\u017ei, to je ve Fed Cupu. Na\u0161e hr\u00e1\u010dky op\u011bt zabodovaly a nezklamaly n\u00e1s. Zv\u00edt\u011bzily. Dos\u00e1hnou i v p\u0159\u00ed\u0161t\u00edm roce takov\u00e9ho \u00fasp\u011bchu? V\u011b\u0159\u00edme, \u017ee ano. Sledujte na\u0161e vys\u00edl\u00e1n\u00ed on line M\u00e1me radost z na\u0161ich reprezentant\u016f. V\u017edy\u0165 ji\u017e po \u0159adu let pro \u010ceskou republiku bojuj\u00ed v \u010dele obou t\u00fdmov\u00fdch sout\u011b\u017e\u00ed. Bude tomu tak i nad\u00e1le? M\u00e1me i \u00fasp\u011b\u0161n\u00e9 juniory a juniorky. Proto si m\u016f\u017eeme dovolit tvrdit, \u017ee s kvalitn\u00edm tenisem v\u00fdsledky se budeme setk\u00e1vat i do budoucna. Budeme r\u00e1di, kdy\u017e si n\u00e1s zapnete a budete sledovat. Jsme tady toti\u017e jenom pro v\u00e1s.                                                                                                                                                                                                                                                                                                                                                                                        5\/5 - (1 vote)        "},{"@context":"https:\/\/schema.org\/","@type":"BreadcrumbList","itemListElement":[{"@type":"ListItem","position":1,"name":"Seznamte se s na\u0161imi hv\u011bzdami","item":"https:\/\/www.cestray.cz\/seznamte-se-s-nasimi-hvezdami\/#breadcrumbitem"}]}]