[{"@context":"https:\/\/schema.org\/","@type":"Article","@id":"https:\/\/www.cestray.cz\/u-nas-si-uzijete\/#Article","mainEntityOfPage":"https:\/\/www.cestray.cz\/u-nas-si-uzijete\/","headline":"U n\u00e1s si u\u017eijete","name":"U n\u00e1s si u\u017eijete","description":"Nev\u00e1hejte a vyu\u017eijte na\u0161ich jedine\u010dn\u00fdch nab\u00eddek hory ubytov\u00e1n\u00ed po cel\u00e9 \u010cR. M\u00e1te r\u00e1di horya jejich okol\u00ed? Nab\u00edz\u00edme v\u00e1m pobyt v horsk\u00fdch oblastech za jedine\u010dn\u00e9 ceny a na zcela v\u00fdjime\u010dn\u011b n\u00e1dhern\u00fdch m\u00edstech. Nechcete-li ztr\u00e1cet \u010das hled\u00e1n\u00edm toho spr\u00e1vn\u00e9ho m\u00edsta a v\u00edte,... ","datePublished":"2025-01-06","dateModified":"2025-01-06","author":{"@type":"Person","@id":"https:\/\/www.cestray.cz\/author\/devene\/#Person","name":"devene","url":"https:\/\/www.cestray.cz\/author\/devene\/","identifier":1,"image":{"@type":"ImageObject","@id":"https:\/\/secure.gravatar.com\/avatar\/cfe4dae5aaf43720425415780408681beb9b9a829e9a657295ed1cacce5febc2?s=96&d=mm&r=g","url":"https:\/\/secure.gravatar.com\/avatar\/cfe4dae5aaf43720425415780408681beb9b9a829e9a657295ed1cacce5febc2?s=96&d=mm&r=g","height":96,"width":96}},"publisher":{"@type":"Organization","name":"cestray.cz","logo":{"@type":"ImageObject","@id":"\/logo.png","url":"\/logo.png","width":600,"height":60}},"url":"https:\/\/www.cestray.cz\/u-nas-si-uzijete\/","wordCount":214,"articleBody":"Nev\u00e1hejte a vyu\u017eijte na\u0161ich jedine\u010dn\u00fdch nab\u00eddek hory ubytov\u00e1n\u00ed po cel\u00e9 \u010cR. M\u00e1te r\u00e1di horya jejich okol\u00ed? Nab\u00edz\u00edme v\u00e1m pobyt v horsk\u00fdch oblastech za jedine\u010dn\u00e9 ceny a na zcela v\u00fdjime\u010dn\u011b n\u00e1dhern\u00fdch m\u00edstech. Nechcete-li ztr\u00e1cet \u010das hled\u00e1n\u00edm toho spr\u00e1vn\u00e9ho m\u00edsta a v\u00edte, kde by se v\u00e1m l\u00edbilo, pak n\u00e1s ihned kontaktuje a my v\u00e1m obratem za\u0161leme n\u00e1mi vytipovan\u00e9 m\u00edsta a resorty. Nab\u00eddka hory ubytov\u00e1n\u00ed pro v\u00e1s m\u00e1 na v\u00fdb\u011br z mnoha horsk\u00fdch resort\u016f. Od Krkono\u0161, p\u0159es Orlick\u00e9 hory, a\u017e t\u0159eba po hory Jizersk\u00e9. Relax, klid a \u010derstv\u00fd vzduch Ka\u017ed\u00fd z n\u00e1s si jednou za \u010das pot\u0159ebuje oddychnout od rychlosti a p\u0159ek\u00e1\u017eek v\u0161edn\u00edho \u017eivota. D\u00edky hory ubytov\u00e1n\u00ed u n\u00e1s, si tento vz\u00e1cn\u00fd pocit klidu a odpo\u010dinku u\u017eijete naplno. Vezm\u011bte \u010dleny sv\u00e9 rodiny, p\u0159\u00e1tele nebo dobr\u00e9 zn\u00e1m\u00e9 a vyrazte za odpo\u010dinkem, horsk\u00fdmi t\u00farami nebo jen za v\u00e1len\u00edm se v posteli s kr\u00e1sn\u00fdm v\u00fdhledem na okol\u00ed. T\u011b\u0161\u00edme se na v\u00e1s!                                                                                                                                                                                                                                                                                                                                                                                        4.7\/5 - (3 votes)        "},{"@context":"https:\/\/schema.org\/","@type":"BreadcrumbList","itemListElement":[{"@type":"ListItem","position":1,"name":"U n\u00e1s si u\u017eijete","item":"https:\/\/www.cestray.cz\/u-nas-si-uzijete\/#breadcrumbitem"}]}]