[{"@context":"https:\/\/schema.org\/","@type":"Article","@id":"https:\/\/www.cestray.cz\/vyznamny-predel\/#Article","mainEntityOfPage":"https:\/\/www.cestray.cz\/vyznamny-predel\/","headline":"V\u00fdznamn\u00fd p\u0159ed\u011bl","name":"V\u00fdznamn\u00fd p\u0159ed\u011bl","description":"Odchod do d\u016fchodu p\u0159edstavuje v\u00fdznamn\u00fd p\u0159ed\u011bl v \u017eivot\u011b \u010dlov\u011bka. Takov\u00fdch p\u0159ed\u011bl\u016f je cel\u00e1 \u0159ada jako nap\u0159\u00edklad maturita, svatba, prvn\u00ed zam\u011bstn\u00e1n\u00ed, zm\u011bna zam\u011bstn\u00e1n\u00ed nebo narozen\u00ed d\u011bt\u00ed \u010di odchod d\u011bt\u00ed do vlastn\u00edho domova, kdy tento jev se n\u011bkdy naz\u00fdv\u00e1 pr\u00e1zdn\u00e9 hn\u00edzdo. Ka\u017ed\u00fd... ","datePublished":"2025-01-24","dateModified":"2025-01-24","author":{"@type":"Person","@id":"https:\/\/www.cestray.cz\/author\/devene\/#Person","name":"devene","url":"https:\/\/www.cestray.cz\/author\/devene\/","identifier":1,"image":{"@type":"ImageObject","@id":"https:\/\/secure.gravatar.com\/avatar\/cfe4dae5aaf43720425415780408681beb9b9a829e9a657295ed1cacce5febc2?s=96&d=mm&r=g","url":"https:\/\/secure.gravatar.com\/avatar\/cfe4dae5aaf43720425415780408681beb9b9a829e9a657295ed1cacce5febc2?s=96&d=mm&r=g","height":96,"width":96}},"publisher":{"@type":"Organization","name":"cestray.cz","logo":{"@type":"ImageObject","@id":"\/logo.png","url":"\/logo.png","width":600,"height":60}},"url":"https:\/\/www.cestray.cz\/vyznamny-predel\/","wordCount":190,"articleBody":"Odchod do d\u016fchodu p\u0159edstavuje v\u00fdznamn\u00fd p\u0159ed\u011bl v \u017eivot\u011b \u010dlov\u011bka. Takov\u00fdch p\u0159ed\u011bl\u016f je cel\u00e1 \u0159ada jako nap\u0159\u00edklad maturita, svatba, prvn\u00ed zam\u011bstn\u00e1n\u00ed, zm\u011bna zam\u011bstn\u00e1n\u00ed nebo narozen\u00ed d\u011bt\u00ed \u010di odchod d\u011bt\u00ed do vlastn\u00edho domova, kdy tento jev se n\u011bkdy naz\u00fdv\u00e1 pr\u00e1zdn\u00e9 hn\u00edzdo. Ka\u017ed\u00fd \u017eivotn\u00ed p\u0159ed\u011bl \u010dlov\u011bk pro\u017e\u00edv\u00e1 se sm\u00ed\u0161en\u00fdmi pocity, na jedn\u00e9 strann\u011b o\u010dek\u00e1v\u00e1n\u00ed na stran\u011b druh\u00e9 pak nemal\u00e9 obavy. Je to p\u0159irozen\u00e9, \u017ee \u010dlov\u011bk za\u017e\u00edv\u00e1 mnoho emoc\u00ed, \u017eivotn\u00ed zm\u011bny nelze p\u0159ech\u00e1zet lhostejn\u011b a nete\u010dn\u011b.Je t\u0159eba b\u00fdt pozitivn\u00edJe dobr\u00e9, kdy\u017e \u010dlov\u011bk zm\u011bnu pojme jako velkou \u017eivotn\u00ed p\u0159\u00edle\u017eitost, kdy se otev\u00edraj\u00ed nov\u00e9 mo\u017enosti. Jsou star\u0161\u00ed lid\u00e9, kte\u0159\u00ed penzi vn\u00edmaj\u00ed jako n\u011bco hrozn\u00e9ho, proto\u017ee to sv\u011bd\u010d\u00ed o tom, \u017ee u\u017e jsou sta\u0159\u00ed a nepou\u017eiteln\u00ed a nedok\u00e1\u017e\u00ed k n\u00ed p\u0159istupovat pozitivn\u011b jako k n\u011b\u010demu, co jim umo\u017en\u00ed daleko v\u00edce a naplno si u\u017e\u00edvat \u017eivota.                                                                                                                                                                                                                                                                                                                                                                                        4\/5 - (2 votes)        "},{"@context":"https:\/\/schema.org\/","@type":"BreadcrumbList","itemListElement":[{"@type":"ListItem","position":1,"name":"V\u00fdznamn\u00fd p\u0159ed\u011bl","item":"https:\/\/www.cestray.cz\/vyznamny-predel\/#breadcrumbitem"}]}]