[{"@context":"https:\/\/schema.org\/","@type":"Article","@id":"https:\/\/www.cestray.cz\/zbavte-se-zbytecnych-vrstev-navic\/#Article","mainEntityOfPage":"https:\/\/www.cestray.cz\/zbavte-se-zbytecnych-vrstev-navic\/","headline":"Zbavte se zbyte\u010dn\u00fdch vrstev nav\u00edc","name":"Zbavte se zbyte\u010dn\u00fdch vrstev nav\u00edc","description":"T\u011bmito \u201evrstvami\u201c m\u00e1me na mysli nejr\u016fzn\u011bj\u0161\u00ed ko\u017en\u00ed z\u00e1hyby (lidov\u011b ozna\u010dovan\u00e9 nehezk\u00fdm slovem \u0161peky), kter\u00e1 V\u00e1m znep\u0159\u00edjem\u0148uj\u00ed \u017eivot a p\u016fsob\u00ed nevzhledn\u00fdm dojmem v p\u0159\u00edpad\u011b, \u017ee se sna\u017e\u00edte obl\u00e9ci do p\u011bkn\u00e9ho oble\u010den\u00ed nespadaj\u00edc\u00edho do nadm\u011brn\u00fdch velikost\u00ed. Tyto vrstvy nav\u00edc jsou viditeln\u00e9 pouh\u00fdm... ","datePublished":"2024-12-24","dateModified":"2024-12-24","author":{"@type":"Person","@id":"https:\/\/www.cestray.cz\/author\/devene\/#Person","name":"devene","url":"https:\/\/www.cestray.cz\/author\/devene\/","identifier":1,"image":{"@type":"ImageObject","@id":"https:\/\/secure.gravatar.com\/avatar\/cfe4dae5aaf43720425415780408681beb9b9a829e9a657295ed1cacce5febc2?s=96&d=mm&r=g","url":"https:\/\/secure.gravatar.com\/avatar\/cfe4dae5aaf43720425415780408681beb9b9a829e9a657295ed1cacce5febc2?s=96&d=mm&r=g","height":96,"width":96}},"publisher":{"@type":"Organization","name":"cestray.cz","logo":{"@type":"ImageObject","@id":"\/logo.png","url":"\/logo.png","width":600,"height":60}},"url":"https:\/\/www.cestray.cz\/zbavte-se-zbytecnych-vrstev-navic\/","wordCount":178,"articleBody":"T\u011bmito \u201evrstvami\u201c m\u00e1me na mysli nejr\u016fzn\u011bj\u0161\u00ed ko\u017en\u00ed z\u00e1hyby (lidov\u011b ozna\u010dovan\u00e9 nehezk\u00fdm slovem \u0161peky), kter\u00e1 V\u00e1m znep\u0159\u00edjem\u0148uj\u00ed \u017eivot a p\u016fsob\u00ed nevzhledn\u00fdm dojmem v p\u0159\u00edpad\u011b, \u017ee se sna\u017e\u00edte obl\u00e9ci do p\u011bkn\u00e9ho oble\u010den\u00ed nespadaj\u00edc\u00edho do nadm\u011brn\u00fdch velikost\u00ed. Tyto vrstvy nav\u00edc jsou viditeln\u00e9 pouh\u00fdm okem a nav\u00edc maj\u00ed sv\u00e9 vnit\u0159n\u00ed prot\u011bj\u0161ky \u2013 tedy tuk, kter\u00fd se usazuje nikoli v podko\u017e\u00ed, ale obaluje na\u0161e org\u00e1ny a zpomaluje jejich \u010dinnost. V zim\u011b se rad\u011bji nechejte zah\u0159\u00edvat tepl\u00fdmi kab\u00e1ty Ketogenn\u00ed dieta je stravovac\u00edm syst\u00e9mem, s n\u00edm\u017e m\u016f\u017eete dos\u00e1hnout v\u00fdrazn\u00e9ho \u00fabytku tukov\u00fdch vrstev jak na povrchu sv\u00e9ho t\u011bla, tak tak\u00e9 uvnit\u0159 samotn\u00e9ho organismu, a to za pom\u011brn\u011b kr\u00e1tk\u00fd \u010dasov\u00fd \u00fasek. Zapome\u0148te tedy na v\u00fdmluvy typu \u201ezimn\u00ed ochrany p\u0159ed chladem\u201c a nam\u00edsto ko\u017en\u00edch \u0159as si po\u0159i\u010fte h\u0159ejiv\u00fd kab\u00e1t.                                                                                                                                                                                                                                                                                                                                                                                        5\/5 - (2 votes)        "},{"@context":"https:\/\/schema.org\/","@type":"BreadcrumbList","itemListElement":[{"@type":"ListItem","position":1,"name":"Zbavte se zbyte\u010dn\u00fdch vrstev nav\u00edc","item":"https:\/\/www.cestray.cz\/zbavte-se-zbytecnych-vrstev-navic\/#breadcrumbitem"}]}]